{"id":9324,"date":"2018-08-06T08:00:59","date_gmt":"2018-08-06T13:00:59","guid":{"rendered":"https:\/\/martinezcordoba.anaduquepublicidad.com\/?p=9324"},"modified":"2020-08-13T17:53:51","modified_gmt":"2020-08-13T22:53:51","slug":"fracking-y-glifosato","status":"publish","type":"post","link":"https:\/\/martinezcordoba.com.co\/en\/fracking-y-glifosato\/","title":{"rendered":"Fracking y Glifosato"},"content":{"rendered":"<body>\n<p>Autor: Adriana Mart\u00ednez Villegas<\/p>\n\n\n\n<p>Publicado por: Asuntos: Legales<\/p>\n\n\n\n<p>Fecha de Publicaci\u00f3n: 6 de septiembre de 2018<\/p>\n\n\n\n<p><a rel=\"noreferrer noopener\" href=\"https:\/\/www.asuntoslegales.com.co\/analisis\/adriana-martinez-507851\/fracking-y-glifosato-un-debate-ambiental-2767409\" data-type=\"URL\" data-id=\"https:\/\/www.asuntoslegales.com.co\/analisis\/adriana-martinez-507851\/fracking-y-glifosato-un-debate-ambiental-2767409\" target=\"_blank\">Ver publicaci\u00f3n<\/a><\/p>\n\n\n\n<p>Unos temas sensibles que estaban congelados, volvieron a reactivarse y con ellos la discusi\u00f3n irracional. Por el momento, las posiciones radicales e intolerantes dominan, cuando deber\u00edan ser la ciencia y la t\u00e9cnica las que dieran las respuestas a las inquietudes y miedos de la gente. Muchas personas se sienten autorizadas para opinar, aunque no tengan la calificaci\u00f3n profesional, ni la informaci\u00f3n suficiente para hacerlo. Este tipo de actitudes han llevado a la proliferaci\u00f3n de la judicializaci\u00f3n de las discusiones, ante la imposibilidad de adelantar un di\u00e1logo abierto, civilizado e informado. Las demandas est\u00e1n de moda, algunos ganan y otros pierden, pero lo cierto es que no hay construcci\u00f3n colectiva para la adopci\u00f3n de las decisiones que nos afectan.<\/p>\n\n\n\n<p>Se pretende que la comunidad participe de manera activa y eficaz en la toma de decisiones ambientales que le afecten. Hacemos alarde de contar con una democracia participativa, y de no descalificar a nadie para la discusi\u00f3n de temas a\u00fan cuando sean complejos. Sin embargo solo se le provee al ciudadano dilemas insalvables, y no argumentos cient\u00edficos, que son los \u00fanicos admisibles en temas tan dif\u00edciles como estos. La participaci\u00f3n en los asuntos ambientales, debe darse mediante un proceso amplio, participativo, eficaz y deliberativo, como lo ha descrito la H. Corte Constitucional en su jurisprudencia reciente y ello solo es posible, si no se imponen posiciones, radicalismos e ideolog\u00edas y se permite que se acceda libremente a informaci\u00f3n objetiva y seria.<\/p>\n\n\n\n<p>Por eso, no sin raz\u00f3n el presidente de Acipet se quejaba de las declaraciones de un mandatario regional quien dijo que \u201chablar de \u2018facking\u2019 es como violar a una mujer responsablemente\u201d, considerando que es una posici\u00f3n violenta y sexista, y por lo menos no apropiada para una discusi\u00f3n que debe tener todo el rigor t\u00e9cnico. De otro lado, se oyen voces m\u00e1s sensatas y calificadas como la de Brigitte Baptiste quien opina que \u201cestamos nerviosos ante esas opciones que el pa\u00eds tiene que definir en el corto plazo,\u2026 Evaluar con cuidado los beneficios y los contras, socializar la discusi\u00f3n, y darnos un plazo para tomar las decisiones que haya que tomar. El \u2018fracking\u2019, eventualmente, es una opci\u00f3n para Colombia, es inevitable que el pa\u00eds no lo haga, pero ojal\u00e1 que nos tomemos el tiempo necesario hasta llegar a esa etapa, y que no nos toque\u201d.<\/p>\n\n\n\n<p>En cuanto al glifosato tenemos la posici\u00f3n del Ministro de Defensa quien buscando una soluci\u00f3n a la proliferaci\u00f3n de los cultivos il\u00edcitos y la deforestaci\u00f3n, dice que \u201cno he conocido un mejor herbicida que el glifosato\u201d y en respuesta a ello, hay quienes le invitan a tomar un gal\u00f3n de glifosato, a fin de que pruebe lo que sugiere que sufran otros. Estamos necesitando con urgencia que la academia domine la discusi\u00f3n. Que oriente a la opini\u00f3n p\u00fablica y suministre la informaci\u00f3n que tanto se requiere, para tener el conocimiento suficiente, relacionada con riesgos, pros y contras, para la toma de decisiones adecuadas y en beneficio de todos. M\u00e1s prudencia y reflexi\u00f3n y menos elocuencia.<\/p>\n\n\n\n<p>Son decisiones muy importantes para el pa\u00eds, que no pueden adoptarse sin discusi\u00f3n, pero con los elementos t\u00e9cnicos suficientes para hacerlo bien y respetando las diferentes posiciones, porque tambi\u00e9n los cient\u00edficos tienen discrepancias. Sin embargo, es preferible que la decisi\u00f3n se tome con fundamento en discusiones t\u00e9cnicas y no en especulaciones de generadores de opini\u00f3n, que buscan tener su momento de protagonismo frente a la comunidad, liderando posiciones radicales.<\/p>\n<\/body>","protected":false},"excerpt":{"rendered":"<p>Autor: Adriana Mart\u00ednez Villegas Publicado por: Asuntos: Legales Fecha de Publicaci\u00f3n: 6 de septiembre de 2018 Ver publicaci\u00f3n Unos temas sensibles que estaban congelados, volvieron a reactivarse y con ellos la discusi\u00f3n irracional. Por el momento, las posiciones radicales e &hellip; <\/p>","protected":false},"author":1,"featured_media":0,"comment_status":"open","ping_status":"open","sticky":false,"template":"","format":"standard","meta":{"_bbp_topic_count":0,"_bbp_reply_count":0,"_bbp_total_topic_count":0,"_bbp_total_reply_count":0,"_bbp_voice_count":0,"_bbp_anonymous_reply_count":0,"_bbp_topic_count_hidden":0,"_bbp_reply_count_hidden":0,"_bbp_forum_subforum_count":0,"om_disable_all_campaigns":false,"pmpro_default_level":"","_monsterinsights_skip_tracking":false,"_monsterinsights_sitenote_active":false,"_monsterinsights_sitenote_note":"","_monsterinsights_sitenote_category":0,"footnotes":""},"categories":[79,78],"tags":[],"class_list":["post-9324","post","type-post","status-publish","format-standard","hentry","category-derecho-ambiental","category-publicaciones","pmpro-has-access"],"_links":{"self":[{"href":"https:\/\/martinezcordoba.com.co\/en\/wp-json\/wp\/v2\/posts\/9324"}],"collection":[{"href":"https:\/\/martinezcordoba.com.co\/en\/wp-json\/wp\/v2\/posts"}],"about":[{"href":"https:\/\/martinezcordoba.com.co\/en\/wp-json\/wp\/v2\/types\/post"}],"author":[{"embeddable":true,"href":"https:\/\/martinezcordoba.com.co\/en\/wp-json\/wp\/v2\/users\/1"}],"replies":[{"embeddable":true,"href":"https:\/\/martinezcordoba.com.co\/en\/wp-json\/wp\/v2\/comments?post=9324"}],"version-history":[{"count":1,"href":"https:\/\/martinezcordoba.com.co\/en\/wp-json\/wp\/v2\/posts\/9324\/revisions"}],"predecessor-version":[{"id":9325,"href":"https:\/\/martinezcordoba.com.co\/en\/wp-json\/wp\/v2\/posts\/9324\/revisions\/9325"}],"wp:attachment":[{"href":"https:\/\/martinezcordoba.com.co\/en\/wp-json\/wp\/v2\/media?parent=9324"}],"wp:term":[{"taxonomy":"category","embeddable":true,"href":"https:\/\/martinezcordoba.com.co\/en\/wp-json\/wp\/v2\/categories?post=9324"},{"taxonomy":"post_tag","embeddable":true,"href":"https:\/\/martinezcordoba.com.co\/en\/wp-json\/wp\/v2\/tags?post=9324"}],"curies":[{"name":"wp","href":"https:\/\/api.w.org\/{rel}","templated":true}]}}