{"id":9329,"date":"2017-04-26T08:00:46","date_gmt":"2017-04-26T13:00:46","guid":{"rendered":"https:\/\/martinezcordoba.anaduquepublicidad.com\/?p=9329"},"modified":"2020-08-13T18:47:35","modified_gmt":"2020-08-13T23:47:35","slug":"quien-decide","status":"publish","type":"post","link":"https:\/\/martinezcordoba.com.co\/en\/quien-decide\/","title":{"rendered":"\u00bfQui\u00e9n decide?"},"content":{"rendered":"<body>\n<p>Autor: Adriana Mart\u00ednez Villegas<\/p>\n\n\n\n<p>Fecha de publicaci\u00f3n: 26 de abril de 2017<\/p>\n\n\n\n<p>Publicado por: Asuntos: Legales<\/p>\n\n\n\n<p><a rel=\"noreferrer noopener\" href=\"https:\/\/www.asuntoslegales.com.co\/analisis\/adriana-martinez-507851\/quien-decide-2501281\" data-type=\"URL\" data-id=\"https:\/\/www.asuntoslegales.com.co\/analisis\/adriana-martinez-507851\/quien-decide-2501281\" target=\"_blank\">Ver publicaci\u00f3n<\/a><\/p>\n\n\n\n<p>El Gobierno Nacional pierde as\u00ed, por esta v\u00eda, el control de sus pol\u00edticas p\u00fablicas, de sus programas, de sus proyectos y de sus obras. Si se acepta la interpretaci\u00f3n simplista que se lee en todos los diarios y se escucha en las noticias, donde los pol\u00edticos y otros analistas han opinado que resulta imperativo materializar su resultado negativo, debe concluirse que las cosas cambiaron en el pa\u00eds, pero no para bien. No se tratar\u00eda entonces de que el Gobierno Nacional coordine y colabore, como algunos han entendido, con los gobiernos regionales y locales, armonizando las regulaciones, sino que ser\u00eda necesario someter al voto popular las decisiones de Estado y de Gobierno, las cuales con 3.000 votos o menos se podr\u00edan abortar. \u00bfEs este el sentido de la participaci\u00f3n ciudadana? \u00bfCu\u00e1nto le costar\u00e1 al pa\u00eds proceder de esta manera? Para contestar esta \u00faltima respuesta, el Ministerio de Hacienda y Cr\u00e9dito P\u00fablico, en respuesta a la Procuradur\u00eda General de la Naci\u00f3n, el 17 de febrero del presente a\u00f1o opin\u00f3 que los efectos ser\u00edan: \u201ca. La incertidumbre que suscita la Consulta Popular puede desincentivar la inversi\u00f3n en exploraci\u00f3n y en explotaci\u00f3n del sector minero-energ\u00e9tico. b. Menores inversiones se ven reflejadas en una disminuci\u00f3n en la producci\u00f3n y de la Inversi\u00f3n Extranjera Directa (IED) correspondiente al sector. c. Niveles m\u00e1s bajos de producci\u00f3n generan menores utilidades corporativas, disminuci\u00f3n en el pago de regal\u00edas (principal fuente de recursos para hacer inversi\u00f3n regional), ca\u00edda en las exportaciones y una reducci\u00f3n en la generaci\u00f3n de empleo asociado a las actividades extractivas. d. Una disminuci\u00f3n en la IED redunda en restricciones en el financiamiento externo que, con todo lo dem\u00e1s constante, produce una depreciaci\u00f3n nominal del peso colombiano. e. Mayores niveles de la tasa de cambio se traducen en presiones inflacionarias y en una contracci\u00f3n de las importaciones. f. Una alta inflaci\u00f3n aunada con una ca\u00edda en las importaciones se ve reflejada en la desaceleraci\u00f3n del consumo y la inversi\u00f3n (formaci\u00f3n bruta de capital). g. La moderaci\u00f3n en el consumo y en la inversi\u00f3n, sumado al impacto negativo sobre las exportaciones y el empleo terminan afectando negativamente la din\u00e1mica del PIB.\u201d<\/p>\n\n\n\n<p>Por esto, flaco servicio le hacen al pa\u00eds, quienes con intereses mezquinos y difundiendo informaci\u00f3n sesgada y malintencionada, movilizan las comunidades en contra de los proyectos de inter\u00e9s nacional. Igualmente, debe llamarse a la responsabilidad a quienes opinan sin estudiar debidamente las implicaciones del tema. Decir que si explotar fuera tan beneficioso la gente votar\u00eda por el s\u00ed, es simplificar indebidamente un asunto complejo. Ojal\u00e1 se recupere la sind\u00e9resis y podamos aplicar la democracia participativa dentro de los l\u00edmites de la razonabilidad y la proporcionalidad y, sobretodo, sin perjudicar de la manera en que se est\u00e1 haciendo, a un sector econ\u00f3mico que tanto aporta al pa\u00eds. De no ser as\u00ed, continuar\u00e1n otros sectores por este sendero, que llevar\u00eda a la par\u00e1lisis del aparato productivo del pa\u00eds.<\/p>\n<\/body>","protected":false},"excerpt":{"rendered":"<p>Autor: Adriana Mart\u00ednez Villegas Fecha de publicaci\u00f3n: 26 de abril de 2017 Publicado por: Asuntos: Legales Ver publicaci\u00f3n El Gobierno Nacional pierde as\u00ed, por esta v\u00eda, el control de sus pol\u00edticas p\u00fablicas, de sus programas, de sus proyectos y de &hellip; <\/p>","protected":false},"author":1,"featured_media":0,"comment_status":"open","ping_status":"open","sticky":false,"template":"","format":"standard","meta":{"_bbp_topic_count":0,"_bbp_reply_count":0,"_bbp_total_topic_count":0,"_bbp_total_reply_count":0,"_bbp_voice_count":0,"_bbp_anonymous_reply_count":0,"_bbp_topic_count_hidden":0,"_bbp_reply_count_hidden":0,"_bbp_forum_subforum_count":0,"om_disable_all_campaigns":false,"pmpro_default_level":"","_monsterinsights_skip_tracking":false,"_monsterinsights_sitenote_active":false,"_monsterinsights_sitenote_note":"","_monsterinsights_sitenote_category":0,"footnotes":""},"categories":[88,78],"tags":[],"class_list":["post-9329","post","type-post","status-publish","format-standard","hentry","category-derecho-administrativo-derecho-ambiental","category-publicaciones","pmpro-has-access"],"_links":{"self":[{"href":"https:\/\/martinezcordoba.com.co\/en\/wp-json\/wp\/v2\/posts\/9329"}],"collection":[{"href":"https:\/\/martinezcordoba.com.co\/en\/wp-json\/wp\/v2\/posts"}],"about":[{"href":"https:\/\/martinezcordoba.com.co\/en\/wp-json\/wp\/v2\/types\/post"}],"author":[{"embeddable":true,"href":"https:\/\/martinezcordoba.com.co\/en\/wp-json\/wp\/v2\/users\/1"}],"replies":[{"embeddable":true,"href":"https:\/\/martinezcordoba.com.co\/en\/wp-json\/wp\/v2\/comments?post=9329"}],"version-history":[{"count":1,"href":"https:\/\/martinezcordoba.com.co\/en\/wp-json\/wp\/v2\/posts\/9329\/revisions"}],"predecessor-version":[{"id":9330,"href":"https:\/\/martinezcordoba.com.co\/en\/wp-json\/wp\/v2\/posts\/9329\/revisions\/9330"}],"wp:attachment":[{"href":"https:\/\/martinezcordoba.com.co\/en\/wp-json\/wp\/v2\/media?parent=9329"}],"wp:term":[{"taxonomy":"category","embeddable":true,"href":"https:\/\/martinezcordoba.com.co\/en\/wp-json\/wp\/v2\/categories?post=9329"},{"taxonomy":"post_tag","embeddable":true,"href":"https:\/\/martinezcordoba.com.co\/en\/wp-json\/wp\/v2\/tags?post=9329"}],"curies":[{"name":"wp","href":"https:\/\/api.w.org\/{rel}","templated":true}]}}