{"id":9342,"date":"2016-08-10T08:00:19","date_gmt":"2016-08-10T13:00:19","guid":{"rendered":"https:\/\/martinezcordoba.anaduquepublicidad.com\/?p=9342"},"modified":"2020-08-13T20:28:30","modified_gmt":"2020-08-14T01:28:30","slug":"consulta-popular-2","status":"publish","type":"post","link":"https:\/\/martinezcordoba.com.co\/en\/consulta-popular-2\/","title":{"rendered":"Consulta Popular"},"content":{"rendered":"<body>\n<p>Autor: Adriana Mart\u00ednez Villegas<\/p>\n\n\n\n<p>Fecha de Publicaci\u00f3n: 10 de agosto de 2016<\/p>\n\n\n\n<p>Publicado por: Asuntos: Legales<\/p>\n\n\n\n<p><a rel=\"noreferrer noopener\" href=\"https:\/\/www.asuntoslegales.com.co\/analisis\/adriana-martinez-507851\/consulta-popular-2409121\" data-type=\"URL\" data-id=\"https:\/\/www.asuntoslegales.com.co\/analisis\/adriana-martinez-507851\/consulta-popular-2409121\" target=\"_blank\">Ver publicaci\u00f3n<\/a><\/p>\n\n\n\n<p>Lo anterior, \u00a0gracias a que el Tribunal Administrativo del Tolima, en cumplimiento de lo dispuesto por el art\u00edculo 53 de la Ley 134 de 1994, revis\u00f3 el tema en sus aspectos constitucionales y le dio viabilidad a la citada consulta, en una votaci\u00f3n apretada pero victoriosa para el alcalde.\u00a0<\/p>\n\n\n\n<p>Sorprende eso s\u00ed, la decisi\u00f3n del Tribunal, en raz\u00f3n al contenido de la pregunta \u00bfest\u00e1 usted de acuerdo, si o no, que en el municipio de Ibagu\u00e9 se ejecuten proyectos y actividades mineras que impliquen contaminaci\u00f3n del suelo, p\u00e9rdidas o contaminaci\u00f3n de las aguas o afectaci\u00f3n de la vocaci\u00f3n agropecuaria y tur\u00edstica del municipio?. Esto porque las preguntas objeto de una consulta popular, no debieran inducir a la respuesta. Pa\u00edses serios como el Reino Unido, recientemente han llevado a cabo procesos de este tipo, donde la pregunta ha sido simple, para que la respuesta sea si o no. Sin embargo, en este caso, \u00a0no cabe duda que esta pregunta si induce a que, en forma masiva y contundente, los ibaguere\u00f1os digan no.<\/p>\n\n\n\n<p>\u00a0Es evidente que cualquier ciudadano, incluso quienes pertenecemos al sector minero, pensemos que no estamos de acuerdo con que se acabe con el agua y se contamine. Por eso, tanto el sector minero oficial bajo el liderazgo del Viceministerio y la Presidencia de la ANM, como el privado y el acad\u00e9mico, tiene una apuesta por la miner\u00eda responsable e incluyente.<\/p>\n\n\n\n<p>\u00a0Arduo trabajo se viene realizando, para demostrar que en el pa\u00eds s\u00ed hay ejemplos de miner\u00eda, que se ejerce de manera t\u00e9cnica y profesional y que se trabaja para que cada d\u00eda se mejoren los factores de sostenibilidad, incluso expidiendo m\u00e1s regulaci\u00f3n, que incrementa el rigor de las exigencias para el ejercicio de la actividad, en materia social y ambiental. \u00a0<\/p>\n\n\n\n<p>Existen ejemplos en el pa\u00eds, donde otros Tribunales como el del Quindio, han dicho que tal tipo de preguntas resultan inaceptables porque \u201cse trata de poner en consideraci\u00f3n una pregunta capciosa, ya que el emisor (alcalde municipal) mediante elementos valorativos y subjetivos incorporados en la pregunta, pretende que el receptor, en este caso los habitantes de la localidad, den una respuesta que los predispone\u201d.\u00a0<\/p>\n\n\n\n<p>\u201cSe est\u00e1 sugiriendo una respuesta hacia un sentido, sin que el ciudadano tenga la posibilidad de razonar y valorar la tem\u00e1tica, motivo por el cual, los ciudadanos no expresar\u00e1n su voluntad de manera libre y espont\u00e1nea, lo que caracteriza y legitima todo proceso democr\u00e1tico\u201d.<\/p>\n\n\n\n<p>Entonces, para tristeza de todos, estas batallas contra la miner\u00eda, que se llevan a cabo con tal entusiasmo y decisi\u00f3n, no se libran contra el flagelo de la extracci\u00f3n il\u00edcita, s\u00f3lo contra los proyectos de los industriales de la miner\u00eda, con fundamento en postulados equivocados y poniendo a la gente en disyuntivas insalvables, como agua o miner\u00eda.\u00a0<\/p>\n\n\n\n<p>Mientras tanto, la locomotora de la extracci\u00f3n il\u00edcita corre libre y a toda velocidad por todo el territorio nacional, frente a los ojos de los dirigentes regionales, y \u00a0para esta problem\u00e1tica, no hay estrategias a nivel regional y local. Mal mensaje se manda al pa\u00eds: la ilegalidad triunfa y la legalidad no tiene espacio para desarrollarse. \u00a0Adicionalmente, y en tiempos de paz, cuando se habla en todos los rincones del pa\u00eds de reconciliaci\u00f3n y de desarmar los \u00e1nimos, seguimos viendo que se promueve la polarizaci\u00f3n y las posturas radicales.\u00a0<\/p>\n\n\n\n<p>No hay \u00e1nimo de construir para mejorar, sino \u00e1nimo de librar batallas que a la postre lograr\u00e1n alejar la inversi\u00f3n y, con ella, la calidad en los trabajos de miner\u00eda, que se llevan a cabo en el pa\u00eds. La miner\u00eda no va a desaparecer, pero la bien hecha es posible que si lo haga, gracias a los esfuerzos de algunos, que no tienen claro cu\u00e1les son los verdaderos temas de inter\u00e9s general.<\/p>\n<\/body>","protected":false},"excerpt":{"rendered":"<p>Autor: Adriana Mart\u00ednez Villegas Fecha de Publicaci\u00f3n: 10 de agosto de 2016 Publicado por: Asuntos: Legales Ver publicaci\u00f3n Lo anterior, \u00a0gracias a que el Tribunal Administrativo del Tolima, en cumplimiento de lo dispuesto por el art\u00edculo 53 de la Ley &hellip; <\/p>","protected":false},"author":1,"featured_media":0,"comment_status":"open","ping_status":"open","sticky":false,"template":"","format":"standard","meta":{"_bbp_topic_count":0,"_bbp_reply_count":0,"_bbp_total_topic_count":0,"_bbp_total_reply_count":0,"_bbp_voice_count":0,"_bbp_anonymous_reply_count":0,"_bbp_topic_count_hidden":0,"_bbp_reply_count_hidden":0,"_bbp_forum_subforum_count":0,"om_disable_all_campaigns":false,"pmpro_default_level":"","_monsterinsights_skip_tracking":false,"_monsterinsights_sitenote_active":false,"_monsterinsights_sitenote_note":"","_monsterinsights_sitenote_category":0,"footnotes":""},"categories":[79,81,78],"tags":[],"class_list":["post-9342","post","type-post","status-publish","format-standard","hentry","category-derecho-ambiental","category-derecho-minero-publicaciones","category-publicaciones","pmpro-has-access"],"_links":{"self":[{"href":"https:\/\/martinezcordoba.com.co\/en\/wp-json\/wp\/v2\/posts\/9342"}],"collection":[{"href":"https:\/\/martinezcordoba.com.co\/en\/wp-json\/wp\/v2\/posts"}],"about":[{"href":"https:\/\/martinezcordoba.com.co\/en\/wp-json\/wp\/v2\/types\/post"}],"author":[{"embeddable":true,"href":"https:\/\/martinezcordoba.com.co\/en\/wp-json\/wp\/v2\/users\/1"}],"replies":[{"embeddable":true,"href":"https:\/\/martinezcordoba.com.co\/en\/wp-json\/wp\/v2\/comments?post=9342"}],"version-history":[{"count":1,"href":"https:\/\/martinezcordoba.com.co\/en\/wp-json\/wp\/v2\/posts\/9342\/revisions"}],"predecessor-version":[{"id":9343,"href":"https:\/\/martinezcordoba.com.co\/en\/wp-json\/wp\/v2\/posts\/9342\/revisions\/9343"}],"wp:attachment":[{"href":"https:\/\/martinezcordoba.com.co\/en\/wp-json\/wp\/v2\/media?parent=9342"}],"wp:term":[{"taxonomy":"category","embeddable":true,"href":"https:\/\/martinezcordoba.com.co\/en\/wp-json\/wp\/v2\/categories?post=9342"},{"taxonomy":"post_tag","embeddable":true,"href":"https:\/\/martinezcordoba.com.co\/en\/wp-json\/wp\/v2\/tags?post=9342"}],"curies":[{"name":"wp","href":"https:\/\/api.w.org\/{rel}","templated":true}]}}