{"id":9348,"date":"2016-01-19T08:00:52","date_gmt":"2016-01-19T13:00:52","guid":{"rendered":"https:\/\/martinezcordoba.anaduquepublicidad.com\/?p=9348"},"modified":"2020-08-13T22:03:34","modified_gmt":"2020-08-14T03:03:34","slug":"las-zidres","status":"publish","type":"post","link":"https:\/\/martinezcordoba.com.co\/en\/las-zidres\/","title":{"rendered":"Las Zidres"},"content":{"rendered":"<body>\n<p>Autor: Adriana Mart\u00ednez Villegas<\/p>\n\n\n\n<p>Fecha de Publicaci\u00f3n: 19 de Enero de 2016<\/p>\n\n\n\n<p>Publicado por: Asuntos: Legales<\/p>\n\n\n\n<p><a rel=\"noreferrer noopener\" href=\"https:\/\/www.asuntoslegales.com.co\/analisis\/adriana-martinez-507851\/las-zidres-2341821\" data-type=\"URL\" data-id=\"https:\/\/www.asuntoslegales.com.co\/analisis\/adriana-martinez-507851\/las-zidres-2341821\" target=\"_blank\">Ver publicaci\u00f3n<\/a><\/p>\n\n\n\n<p>El nuevo proyecto de Ley 223 de C\u00e1mara y 174 de Senado de 2015, el cual se encuentra pendiente de sanci\u00f3n presidencial, da vida a las nuevas Zidres. Estas zonas de Inter\u00e9s de Desarrollo Rural, Econ\u00f3mico y Social, se suman a la multiplicidad de reg\u00edmenes especiales para el uso de la tierra, que hacen cada vez m\u00e1s dif\u00edcil la coexistencia de actividades econ\u00f3micas en las regiones. \u00a0<\/p>\n\n\n\n<p>Son una nueva forma de aislar porciones del territorio, para dedicarlas en forma exclusiva a una actividad, en este caso la agricultura, bajo un r\u00e9gimen de excepcionalidad. Se trata de zonas cuentan con aptitud agr\u00edcola, pecuaria y forestal y pisc\u00edcola, por la Unidad de Planificaci\u00f3n Rural Agropecuaria (Upra), en consonancia con el numeral 9 del art\u00edculo 6\u00b0 de la Ley 1551 de 2012, o la que haga sus veces, y que se establecer\u00e1n a partir de Planes de Desarrollo Rural Integral en lo que se ha denominado \u201cun marco de econom\u00eda formal y de ordenamiento territorial, soportados bajo par\u00e1metros de plena competitividad e inserci\u00f3n del recurso humano en un contexto de desarrollo humano sostenible, crecimiento econ\u00f3mico regional, desarrollo social y sostenibilidad ambiental\u201d.<\/p>\n\n\n\n<p>Se dispone en dicho proyecto de ley que se reglamentar\u00e1 la integraci\u00f3n, organizaci\u00f3n y funcionamiento del nuevo Sistema Nacional de Desarrollo Rural para las Zidres, que ser\u00e1 coordinado por el Ministerio de Agricultura y Desarrollo Rural y \u00e9ste ser\u00e1 el responsable de liderar y coordinar la formulaci\u00f3n de la pol\u00edtica general de desarrollo rural, con base en criterios de ordenamiento productivo y social que permitan determinar las \u00e1reas prioritarias de desarrollo rural. Esto entonces supondr\u00e1, que lo viable ser\u00e1n los proyectos agr\u00edcolas exclusivamente, y que otro tipo de proyectos no tendr\u00e1n cabida. Hacen parte de las actividades de utilidad p\u00fablica e inter\u00e9s social, pudiendo con ello priorizarlas sobre otras iniciativas. Entre los objetivos que tendr\u00e1n se menciona la promoci\u00f3n del desarrollo regional a trav\u00e9s del ordenamiento territorial, la modernizaci\u00f3n y \u201cespecializaci\u00f3n\u201d del aparato productivo, la recuperaci\u00f3n y regulaci\u00f3n h\u00eddrica frente al Cambio Clim\u00e1tico, en un marco de integraci\u00f3n empresarial.\u00a0<\/p>\n\n\n\n<p>Se dice que contribuir\u00e1n \u00a0al desarrollo de procesos de producci\u00f3n familiar y comunitaria para la sostenibilidad alimentaria y la generaci\u00f3n de excedentes agropecuarios, mediante el establecimiento de Unidades Agr\u00edcolas Integrales a partir de Producci\u00f3n Agr\u00edcola para la Familia (soberan\u00eda alimentaria y ahorro), Producci\u00f3n Agr\u00edcola para la comunidad (Generaci\u00f3n de rentabilidad social) y Plantaciones para procesos industriales (Generaci\u00f3n de Capital).<\/p>\n\n\n\n<p>Al ser le\u00eddo el proyecto de manera desprevenida, luce bastante positivo, pero si se analiza con mayor cuidado, se pueden advertir desde ya los futuros conflictos.\u00a0<\/p>\n\n\n\n<p>El hecho de que el ordenamiento del territorio se vuelva cada vez, un ejercicio m\u00e1s y m\u00e1s complejo, con estas iniciativas, que aportan mayores situaciones excepcionales con privilegios legales para determinados grupos, hace que convivir en armon\u00eda se dificulte, porque cada quien querr\u00e1 hacer valer su privilegio.\u00a0<\/p>\n\n\n\n<p>Aun cuando las buenas intenciones se notan, en todo caso lo que prima aqu\u00ed son los deseos del legislador para un mundo ideal, m\u00e1s que las vocaciones naturales y las actividades que la poblaci\u00f3n elige para desempe\u00f1ar, en los territorios.\u00a0<\/p>\n\n\n\n<p>A pesar de que se afirma que vincularse a estas zonas es voluntario, lo cierto es que se anuncia que se establecer\u00e1n el uso actual y potencial del suelo, se ordenar\u00e1n las zonas geogr\u00e1ficas de acuerdo con sus caracter\u00edsticas biof\u00edsicas, hidrol\u00f3gicas, sus condiciones econ\u00f3micas, sociales y de infraestructura, y se definir\u00e1n los lineamientos, criterios y par\u00e1metros necesarios que deben ser considerados para la elaboraci\u00f3n de los POT en las zonas rurales.\u00a0<\/p>\n\n\n\n<p>Esto ya supone que no habr\u00e1 autonom\u00eda para decidir, sino que habr\u00e1 una imposici\u00f3n. Nadie duda de los beneficios de dar apoyos al campo, para sacarlo del atraso en que se encuentra, pero la creaci\u00f3n de restricciones de acceso a la tierra, seguramente ahondar\u00e1 los conflictos sociales.<\/p>\n\n\n\n<p> <\/p>\n<\/body>","protected":false},"excerpt":{"rendered":"<p>Autor: Adriana Mart\u00ednez Villegas Fecha de Publicaci\u00f3n: 19 de Enero de 2016 Publicado por: Asuntos: Legales Ver publicaci\u00f3n El nuevo proyecto de Ley 223 de C\u00e1mara y 174 de Senado de 2015, el cual se encuentra pendiente de sanci\u00f3n presidencial, &hellip; <\/p>","protected":false},"author":1,"featured_media":0,"comment_status":"open","ping_status":"open","sticky":false,"template":"","format":"standard","meta":{"_bbp_topic_count":0,"_bbp_reply_count":0,"_bbp_total_topic_count":0,"_bbp_total_reply_count":0,"_bbp_voice_count":0,"_bbp_anonymous_reply_count":0,"_bbp_topic_count_hidden":0,"_bbp_reply_count_hidden":0,"_bbp_forum_subforum_count":0,"om_disable_all_campaigns":false,"pmpro_default_level":"","_monsterinsights_skip_tracking":false,"_monsterinsights_sitenote_active":false,"_monsterinsights_sitenote_note":"","_monsterinsights_sitenote_category":0,"footnotes":""},"categories":[88,78],"tags":[],"class_list":["post-9348","post","type-post","status-publish","format-standard","hentry","category-derecho-administrativo-derecho-ambiental","category-publicaciones","pmpro-has-access"],"_links":{"self":[{"href":"https:\/\/martinezcordoba.com.co\/en\/wp-json\/wp\/v2\/posts\/9348"}],"collection":[{"href":"https:\/\/martinezcordoba.com.co\/en\/wp-json\/wp\/v2\/posts"}],"about":[{"href":"https:\/\/martinezcordoba.com.co\/en\/wp-json\/wp\/v2\/types\/post"}],"author":[{"embeddable":true,"href":"https:\/\/martinezcordoba.com.co\/en\/wp-json\/wp\/v2\/users\/1"}],"replies":[{"embeddable":true,"href":"https:\/\/martinezcordoba.com.co\/en\/wp-json\/wp\/v2\/comments?post=9348"}],"version-history":[{"count":1,"href":"https:\/\/martinezcordoba.com.co\/en\/wp-json\/wp\/v2\/posts\/9348\/revisions"}],"predecessor-version":[{"id":9349,"href":"https:\/\/martinezcordoba.com.co\/en\/wp-json\/wp\/v2\/posts\/9348\/revisions\/9349"}],"wp:attachment":[{"href":"https:\/\/martinezcordoba.com.co\/en\/wp-json\/wp\/v2\/media?parent=9348"}],"wp:term":[{"taxonomy":"category","embeddable":true,"href":"https:\/\/martinezcordoba.com.co\/en\/wp-json\/wp\/v2\/categories?post=9348"},{"taxonomy":"post_tag","embeddable":true,"href":"https:\/\/martinezcordoba.com.co\/en\/wp-json\/wp\/v2\/tags?post=9348"}],"curies":[{"name":"wp","href":"https:\/\/api.w.org\/{rel}","templated":true}]}}