{"id":9352,"date":"2016-03-22T08:00:47","date_gmt":"2016-03-22T13:00:47","guid":{"rendered":"https:\/\/martinezcordoba.anaduquepublicidad.com\/?p=9352"},"modified":"2020-08-13T22:17:47","modified_gmt":"2020-08-14T03:17:47","slug":"participacion-ciudadana-responsable","status":"publish","type":"post","link":"https:\/\/martinezcordoba.com.co\/en\/participacion-ciudadana-responsable\/","title":{"rendered":"Participaci\u00f3n ciudadana responsable"},"content":{"rendered":"<body>\n<p>Autor: Adriana Mart\u00ednez Villegas<\/p>\n\n\n\n<p>Fecha de publicaci\u00f3n: 22 de marzo de 2016<\/p>\n\n\n\n<p>Publicado por: Asuntos: Legales<\/p>\n\n\n\n<p><a href=\"https:\/\/www.asuntoslegales.com.co\/analisis\/adriana-martinez-507851\/participacion-ciudadana-responsable-2361381\" data-type=\"URL\" data-id=\"https:\/\/www.asuntoslegales.com.co\/analisis\/adriana-martinez-507851\/participacion-ciudadana-responsable-2361381\">Ver publicaci\u00f3n<\/a><\/p>\n\n\n\n<p>Hoy por ejemplo, algunos hablan de la necesidad o no del referendo para definir el destino de la patria en relaci\u00f3n con el proceso de paz, tambi\u00e9n se promueven a nivel regional las consultas populares sobre temas de inter\u00e9s local, pero son muchos los que desconocen qu\u00e9 implicaciones tiene acudir a tales figuras, y c\u00f3mo puede incidir o no, la voluntad popular en las decisiones finales, sometidas previamente a los mecanismos de participaci\u00f3n.\u00a0<\/p>\n\n\n\n<p>Contamos con la Ley Estatutaria 1757 de 2015, la cual es ejemplo de una ley con todas las garant\u00edas para el ejercicio ideal de la democracia participativa. Se incluyen entre estos el cabildo abierto, el referendo, la consulta popular, \u00a0el plebiscito, la convocatoria a Asamblea Constituyente y \u00a0la revocatoria del mandato. Es un estatuto completo, que tiene todos los elementos necesarios para el ejercicio de la democracia, en su concepto m\u00e1s amplio, tendiente a hacer valer los intereses generales y el bien com\u00fan, y consultar con el pueblo las pol\u00edticas p\u00fablicas y su implementaci\u00f3n. Hasta ah\u00ed todo suena bastante bien.\u00a0<\/p>\n\n\n\n<p>El problema surge cuando se va a hacer uso de tales mecanismos, en especial aquellos promovidos por autoridad p\u00fablica, dado que quienes deber\u00edan ser sus mayores impulsores, los desconocen, los utilizan de manera equivocada o los evitan para no incurrir en el desgaste de su ejercicio. Vemos entonces c\u00f3mo congresistas presentan proyectos de ley que desconocen los mecanismos a trav\u00e9s de las cuales se pronuncia el sentir popular, para crear otros, mandatarios regionales y locales que ignoran las pol\u00edticas p\u00fablicas nacionales y la propia legislaci\u00f3n, para que el pueblo se pronuncie en contra, finalizando con personeros municipales, quienes deber\u00edan liderar la participaci\u00f3n ciudadana y no la insubordinaci\u00f3n.\u00a0<\/p>\n\n\n\n<p>Todo esto ocurre, en mi sentir, por la falta de educaci\u00f3n para la participaci\u00f3n responsable. Cuando quienes ejercen los cargos p\u00fablicos de representaci\u00f3n popular y representan el inter\u00e9s general en el ministerio p\u00fablico a nivel local, no saben o no encuentran c\u00f3mo darle vida a los mecanismos de participaci\u00f3n ciudadana, hay algo que claramente no est\u00e1 funcionando, y no es propiamente la ley.\u00a0<\/p>\n\n\n\n<p>Hay falta de instrucci\u00f3n sobre estos mecanismos. Eso debe explicarse y ense\u00f1arse a estas personas para que entiendan el valor que un voto puede tener. Entonces el uso incorrecto, incluso para hacer ofrecimientos en campa\u00f1as electorales, a fin de cambiar la orientaci\u00f3n de las pol\u00edticas p\u00fablicas, que se ha fijado desde la Jefatura del Estado o para desconocer el marco normativo nacional, \u00a0constituye un abuso de un derecho.<\/p>\n\n\n\n<p>\u00a0Falla tambi\u00e9n la participaci\u00f3n cuando es iniciativa popular y por la misma raz\u00f3n. Los l\u00edderes populares no ejercen el control de los asuntos p\u00fablicos de manera pac\u00edfica y por las v\u00edas institucionales. Como dec\u00eda alg\u00fan experto en estos d\u00edas, \u201clos colombianos nos hemos acostumbrado a las v\u00edas de hecho, m\u00e1s que a las de derecho\u201d, y eso no deber\u00eda ocurrir.\u00a0<\/p>\n\n\n\n<p>Por eso preferimos los paros nacionales y las protestas populares, que el control de lo p\u00fablico a trav\u00e9s de las veedur\u00edas ciudadanas.\u00a0<\/p>\n\n\n\n<p>Para que este estatuto de participaci\u00f3n ciudadana pueda colmar las expectativas de la democracia, se requiere mejorar la educaci\u00f3n para la participaci\u00f3n responsable a todos los niveles. Solo entonces tendremos la democracia que nos merecemos.<a>GUARDAR<\/a><\/p>\n\n\n\n<p> <\/p>\n\n\n\n<p><\/p>\n<\/body>","protected":false},"excerpt":{"rendered":"<p>Autor: Adriana Mart\u00ednez Villegas Fecha de publicaci\u00f3n: 22 de marzo de 2016 Publicado por: Asuntos: Legales Ver publicaci\u00f3n Hoy por ejemplo, algunos hablan de la necesidad o no del referendo para definir el destino de la patria en relaci\u00f3n con &hellip; <\/p>","protected":false},"author":1,"featured_media":0,"comment_status":"open","ping_status":"open","sticky":false,"template":"","format":"standard","meta":{"_bbp_topic_count":0,"_bbp_reply_count":0,"_bbp_total_topic_count":0,"_bbp_total_reply_count":0,"_bbp_voice_count":0,"_bbp_anonymous_reply_count":0,"_bbp_topic_count_hidden":0,"_bbp_reply_count_hidden":0,"_bbp_forum_subforum_count":0,"om_disable_all_campaigns":false,"pmpro_default_level":"","_monsterinsights_skip_tracking":false,"_monsterinsights_sitenote_active":false,"_monsterinsights_sitenote_note":"","_monsterinsights_sitenote_category":0,"footnotes":""},"categories":[88,78],"tags":[],"class_list":["post-9352","post","type-post","status-publish","format-standard","hentry","category-derecho-administrativo-derecho-ambiental","category-publicaciones","pmpro-has-access"],"_links":{"self":[{"href":"https:\/\/martinezcordoba.com.co\/en\/wp-json\/wp\/v2\/posts\/9352"}],"collection":[{"href":"https:\/\/martinezcordoba.com.co\/en\/wp-json\/wp\/v2\/posts"}],"about":[{"href":"https:\/\/martinezcordoba.com.co\/en\/wp-json\/wp\/v2\/types\/post"}],"author":[{"embeddable":true,"href":"https:\/\/martinezcordoba.com.co\/en\/wp-json\/wp\/v2\/users\/1"}],"replies":[{"embeddable":true,"href":"https:\/\/martinezcordoba.com.co\/en\/wp-json\/wp\/v2\/comments?post=9352"}],"version-history":[{"count":1,"href":"https:\/\/martinezcordoba.com.co\/en\/wp-json\/wp\/v2\/posts\/9352\/revisions"}],"predecessor-version":[{"id":9353,"href":"https:\/\/martinezcordoba.com.co\/en\/wp-json\/wp\/v2\/posts\/9352\/revisions\/9353"}],"wp:attachment":[{"href":"https:\/\/martinezcordoba.com.co\/en\/wp-json\/wp\/v2\/media?parent=9352"}],"wp:term":[{"taxonomy":"category","embeddable":true,"href":"https:\/\/martinezcordoba.com.co\/en\/wp-json\/wp\/v2\/categories?post=9352"},{"taxonomy":"post_tag","embeddable":true,"href":"https:\/\/martinezcordoba.com.co\/en\/wp-json\/wp\/v2\/tags?post=9352"}],"curies":[{"name":"wp","href":"https:\/\/api.w.org\/{rel}","templated":true}]}}