{"id":9354,"date":"2015-12-01T08:00:15","date_gmt":"2015-12-01T13:00:15","guid":{"rendered":"https:\/\/martinezcordoba.anaduquepublicidad.com\/?p=9354"},"modified":"2020-08-13T22:21:33","modified_gmt":"2020-08-14T03:21:33","slug":"la-cop-21","status":"publish","type":"post","link":"https:\/\/martinezcordoba.com.co\/en\/la-cop-21\/","title":{"rendered":"La COP 21"},"content":{"rendered":"<body>\n<p>Autor: Adriana Mart\u00ednez Villegas<\/p>\n\n\n\n<p>Fecha de publicaci\u00f3n: 1 de diciembre de 2015<\/p>\n\n\n\n<p>Publicado por: Asuntos: Legales<\/p>\n\n\n\n<p><a rel=\"noreferrer noopener\" href=\"https:\/\/www.asuntoslegales.com.co\/analisis\/adriana-martinez-507851\/la-cop-21-2328471\" data-type=\"URL\" data-id=\"https:\/\/www.asuntoslegales.com.co\/analisis\/adriana-martinez-507851\/la-cop-21-2328471\" target=\"_blank\">Ver publicaci\u00f3n<\/a><\/p>\n\n\n\n<p>En esta reuni\u00f3n global se trata de persistir en la lucha contra el cambio clim\u00e1tico, planteada por el protocolo de Kioto sobre el cambio clim\u00e1tico, adoptado el 11 de diciembre de 1997, y que entr\u00f3 en vigor el 1 de febrero de 2005. Como resultado de dicho protocolo, a cada pa\u00eds se le asign\u00f3 un porcentaje, distinto seg\u00fan variables econ\u00f3micas y medioambientales de cada quien, para esforzarse en reducir las emisiones de gases de efecto invernadero que produc\u00eda. El compromiso global era reducir un total de emisiones de gases de efecto invernadero de al menos 5% con respecto a los niveles producidos en 1990. Tal objetivo deber\u00eda alcanzarse en un periodo de compromiso de 2008-2012. Con ello, se buscaba limitar el incremento de la temperatura mundial en menos de 2\u00baC, para evitar los efectos catastr\u00f3ficos que los cient\u00edficos han predicho. Colombia aprob\u00f3 este Protocolo a trav\u00e9s de la ley 629 de 2000 y se ha comprometido ha adoptar esta lucha. La dificultad para la entrada en vigor del citado Protocolo, fue la no ratificaci\u00f3n de lo acordado por parte de algunos pa\u00edses. Eran justo los que aportan m\u00e1s emisiones de efecto invernadero, que no quer\u00edan ver afectado su crecimiento econ\u00f3mico. Para poder cumplir la meta fijada, deb\u00edan ratificarlo por lo menos 55 pa\u00edses, entre ellos los desarrollados, que representan 55% de las emisiones de gases de efecto invernadero. Sin embargo, como se dijo, varios pa\u00edses industrializados se negaron a ratificar el protocolo, entre ellos, Estados Unidos y Australia. Se ha calculado que los que m\u00e1s contribuyen hoy a la producci\u00f3n de los gases de efecto invernadero son China con el 25,36%, Estados Unidos con el 14,4%, la Uni\u00f3n Europea con el 10,16%, India con 6,96%, Rusia con 5,36% y Jap\u00f3n con 3,11%. En Latinoam\u00e9rica, Brasil aporta 2,4%, Colombia a\u00fan cuando no contribuye significativamente a la \u00a0producci\u00f3n de tales gases, s\u00ed es muy vulnerable a los efectos del cambio clim\u00e1tico.<\/p>\n\n\n\n<p>Por ello, el Presidente Santos anunci\u00f3 que se har\u00e1 un ofrecimiento concreto de reducci\u00f3n de gases con efecto invernadero: se ha planteado el desaf\u00edo de reducir la emisi\u00f3n de gases efecto invernadero en un 20% en los pr\u00f3ximos 15 a\u00f1os, as\u00ed como reforzar las estrategias para mitigar el impacto de las variaciones clim\u00e1ticas futuras. Lo cierto es que Colombia ya cuenta con un Plan Nacional de Adaptaci\u00f3n al Cambio Clim\u00e1tico, el cual est\u00e1 enmarcado por el Plan Nacional de Desarrollo \u201cProsperidad para Todos\u201d 2010-2014, la Ley 1450 de 2011, y el Conpes 3700 de 2011.<\/p>\n\n\n\n<p>Dentro de las estrategias all\u00ed definidas, adem\u00e1s del Plan Nacional de Adaptaci\u00f3n al Cambio Clim\u00e1tico (Pnacc), est\u00e1n la Estrategia Colombiana de Desarrollo Bajo en Carbono (Ecdbc), la Estrategia Nacional para la Reducci\u00f3n de las Emisiones debidas a la Deforestaci\u00f3n y la Degradaci\u00f3n Forestal en los Pa\u00edses en Desarrollo y la Funci\u00f3n de la Conservaci\u00f3n, la Gesti\u00f3n Sostenible de los Bosques y el Aumento de las Reservas Forestales de Carbono en los Pa\u00edses en Desarrollo (Enredd+) y la Estrategia de Protecci\u00f3n Financiera ante Desastres. Todo esto est\u00e1 andando y ojal\u00e1 el compromiso no sea algo dif\u00edcil de cumplir, teniendo en cuenta que los avances en tecnolog\u00eda e innovaci\u00f3n del pa\u00eds son lentos y que todos las maquinarias e insumos ecol\u00f3gicos tienen hoy precios muy superiores a los que contaminan. Si se lograra por ejemplo, que el servicio p\u00fablico de transporte funcionar\u00e1 con buses h\u00edbridos o el\u00e9ctricos, \u00a0no ser\u00eda tan dif\u00edcil cumplir el compromiso que nuestro Presidente pretende adquirir.<\/p>\n<\/body>","protected":false},"excerpt":{"rendered":"<p>Autor: Adriana Mart\u00ednez Villegas Fecha de publicaci\u00f3n: 1 de diciembre de 2015 Publicado por: Asuntos: Legales Ver publicaci\u00f3n En esta reuni\u00f3n global se trata de persistir en la lucha contra el cambio clim\u00e1tico, planteada por el protocolo de Kioto sobre &hellip; <\/p>","protected":false},"author":1,"featured_media":0,"comment_status":"open","ping_status":"open","sticky":false,"template":"","format":"standard","meta":{"_bbp_topic_count":0,"_bbp_reply_count":0,"_bbp_total_topic_count":0,"_bbp_total_reply_count":0,"_bbp_voice_count":0,"_bbp_anonymous_reply_count":0,"_bbp_topic_count_hidden":0,"_bbp_reply_count_hidden":0,"_bbp_forum_subforum_count":0,"om_disable_all_campaigns":false,"pmpro_default_level":"","_monsterinsights_skip_tracking":false,"_monsterinsights_sitenote_active":false,"_monsterinsights_sitenote_note":"","_monsterinsights_sitenote_category":0,"footnotes":""},"categories":[79,78],"tags":[],"class_list":["post-9354","post","type-post","status-publish","format-standard","hentry","category-derecho-ambiental","category-publicaciones","pmpro-has-access"],"_links":{"self":[{"href":"https:\/\/martinezcordoba.com.co\/en\/wp-json\/wp\/v2\/posts\/9354"}],"collection":[{"href":"https:\/\/martinezcordoba.com.co\/en\/wp-json\/wp\/v2\/posts"}],"about":[{"href":"https:\/\/martinezcordoba.com.co\/en\/wp-json\/wp\/v2\/types\/post"}],"author":[{"embeddable":true,"href":"https:\/\/martinezcordoba.com.co\/en\/wp-json\/wp\/v2\/users\/1"}],"replies":[{"embeddable":true,"href":"https:\/\/martinezcordoba.com.co\/en\/wp-json\/wp\/v2\/comments?post=9354"}],"version-history":[{"count":1,"href":"https:\/\/martinezcordoba.com.co\/en\/wp-json\/wp\/v2\/posts\/9354\/revisions"}],"predecessor-version":[{"id":9355,"href":"https:\/\/martinezcordoba.com.co\/en\/wp-json\/wp\/v2\/posts\/9354\/revisions\/9355"}],"wp:attachment":[{"href":"https:\/\/martinezcordoba.com.co\/en\/wp-json\/wp\/v2\/media?parent=9354"}],"wp:term":[{"taxonomy":"category","embeddable":true,"href":"https:\/\/martinezcordoba.com.co\/en\/wp-json\/wp\/v2\/categories?post=9354"},{"taxonomy":"post_tag","embeddable":true,"href":"https:\/\/martinezcordoba.com.co\/en\/wp-json\/wp\/v2\/tags?post=9354"}],"curies":[{"name":"wp","href":"https:\/\/api.w.org\/{rel}","templated":true}]}}